{"id":8126,"date":"2026-04-29T14:21:55","date_gmt":"2026-04-29T11:21:55","guid":{"rendered":"https:\/\/www.tuyider.org\/?p=8126"},"modified":"2026-04-29T14:21:57","modified_gmt":"2026-04-29T11:21:57","slug":"1-mayis-emek-ve-dayanisma-gunu-kutlu-olsun-3","status":"publish","type":"post","link":"https:\/\/www.tuyider.org\/en\/1-mayis-emek-ve-dayanisma-gunu-kutlu-olsun-3\/","title":{"rendered":"1 May\u0131s Emek ve Dayan\u0131\u015fma G\u00fcn\u00fc Kutlu Olsun"},"content":{"rendered":"<p>T\u00dcY\u0130DER her alanda g\u00f6rev yapan t\u00fcm \u00e7al\u0131\u015fanlar\u0131n 1 May\u0131s Emek ve Dayan\u0131\u015fma G\u00fcn\u00fc\u2019n\u00fc kutlar\u0131z.<\/p>\n\n\n\n<p>Sekt\u00f6r\u00fcm\u00fcz\u00fcn i\u015fleyi\u015fi ve geli\u015fimi, \u00fcretimden tesis kurulumuna kadar her a\u015famada ortaya konulan nitelikli i\u015f g\u00fcc\u00fcne dayanmaktad\u0131r. G\u00fcvenli, standartlara uygun ve verimli \u00e7al\u0131\u015fma ko\u015fullar\u0131n\u0131n s\u00fcrd\u00fcr\u00fclebilirli\u011fi temel ilkemizdir.<\/p>\n\n\n\n<p>T\u00fcm sekt\u00f6r \u00e7al\u0131\u015fanlar\u0131na emniyetli ve istikrarl\u0131 bir \u00e7al\u0131\u015fma hayat\u0131 dileriz.<\/p>","protected":false},"excerpt":{"rendered":"<p>T\u00dcY\u0130DER her alanda g\u00f6rev yapan t\u00fcm \u00e7al\u0131\u015fanlar\u0131n 1 May\u0131s Emek ve Dayan\u0131\u015fma G\u00fcn\u00fc\u2019n\u00fc kutlar\u0131z. Sekt\u00f6r\u00fcm\u00fcz\u00fcn i\u015fleyi\u015fi ve geli\u015fimi, \u00fcretimden tesis kurulumuna kadar her a\u015famada ortaya konulan nitelikli i\u015f g\u00fcc\u00fcne dayanmaktad\u0131r. G\u00fcvenli, standartlara uygun ve verimli \u00e7al\u0131\u015fma ko\u015fullar\u0131n\u0131n s\u00fcrd\u00fcr\u00fclebilirli\u011fi temel ilkemizdir&#8230;.<\/p>","protected":false},"author":14,"featured_media":8129,"comment_status":"closed","ping_status":"closed","sticky":false,"template":"","format":"standard","meta":{"footnotes":""},"categories":[5],"tags":[],"class_list":["post-8126","post","type-post","status-publish","format-standard","has-post-thumbnail","hentry","category-bizden-haberler"],"_links":{"self":[{"href":"https:\/\/www.tuyider.org\/en\/wp-json\/wp\/v2\/posts\/8126","targetHints":{"allow":["GET"]}}],"collection":[{"href":"https:\/\/www.tuyider.org\/en\/wp-json\/wp\/v2\/posts"}],"about":[{"href":"https:\/\/www.tuyider.org\/en\/wp-json\/wp\/v2\/types\/post"}],"author":[{"embeddable":true,"href":"https:\/\/www.tuyider.org\/en\/wp-json\/wp\/v2\/users\/14"}],"replies":[{"embeddable":true,"href":"https:\/\/www.tuyider.org\/en\/wp-json\/wp\/v2\/comments?post=8126"}],"version-history":[{"count":3,"href":"https:\/\/www.tuyider.org\/en\/wp-json\/wp\/v2\/posts\/8126\/revisions"}],"predecessor-version":[{"id":8130,"href":"https:\/\/www.tuyider.org\/en\/wp-json\/wp\/v2\/posts\/8126\/revisions\/8130"}],"wp:featuredmedia":[{"embeddable":true,"href":"https:\/\/www.tuyider.org\/en\/wp-json\/wp\/v2\/media\/8129"}],"wp:attachment":[{"href":"https:\/\/www.tuyider.org\/en\/wp-json\/wp\/v2\/media?parent=8126"}],"wp:term":[{"taxonomy":"category","embeddable":true,"href":"https:\/\/www.tuyider.org\/en\/wp-json\/wp\/v2\/categories?post=8126"},{"taxonomy":"post_tag","embeddable":true,"href":"https:\/\/www.tuyider.org\/en\/wp-json\/wp\/v2\/tags?post=8126"}],"curies":[{"name":"wp","href":"https:\/\/api.w.org\/{rel}","templated":true}]}}