{"id":4796,"date":"2021-09-15T10:29:25","date_gmt":"2021-09-15T07:29:25","guid":{"rendered":"https:\/\/www.tuyider.org\/?p=4796"},"modified":"2021-09-15T10:29:30","modified_gmt":"2021-09-15T07:29:30","slug":"tuyider-bursa-sube-toplandi","status":"publish","type":"post","link":"https:\/\/www.tuyider.org\/en\/tuyider-bursa-sube-toplandi\/","title":{"rendered":"T\u00fcyider Bursa \u015eube Topland\u0131"},"content":{"rendered":"<p>T\u00dcY\u0130DER Bursa \u015fube toplant\u0131m\u0131z, Y\u00f6netim Kurulu Ba\u015fkan\u0131m\u0131z \u0130brahim Do\u011fang\u00fcn&#8217;\u00fcn kat\u0131l\u0131m\u0131 ile 10 Eyl\u00fcl Cuma g\u00fcn\u00fc ger\u00e7ekle\u015fmi\u015ftir. Bursa&#8217;da yap\u0131lacak \u00e7al\u0131\u015fmalar ve projelerle ilgili de\u011ferlendirmelerde bulunulan toplant\u0131m\u0131za Bursa Kurucu \u00dcyelerimiz Ha\u015fim \u00dcnver, Erdo\u011fan K\u0131rba\u015f, O\u011fuzhan Dil, Murat Ocakc\u0131, Zeynep G\u00fcng\u00f6rd\u00fc, merkez kurucu \u00fcyelerimizden Serter K\u0131l\u0131n\u00e7 ve Onursal \u00dcyemiz Prof. Dr. Taner Yonar kat\u0131lm\u0131\u015f ve g\u00f6r\u00fc\u015flerde bulunmu\u015flard\u0131r. Kat\u0131l\u0131m sa\u011flayan \u015fube \u00fcyelerimiz ve misafirlerimize te\u015fekk\u00fcr ederiz.<\/p>","protected":false},"excerpt":{"rendered":"<p>T\u00dcY\u0130DER Bursa \u015fube toplant\u0131m\u0131z, Y\u00f6netim Kurulu Ba\u015fkan\u0131m\u0131z \u0130brahim Do\u011fang\u00fcn&#8217;\u00fcn kat\u0131l\u0131m\u0131 ile 10 Eyl\u00fcl Cuma g\u00fcn\u00fc ger\u00e7ekle\u015fmi\u015ftir. Bursa&#8217;da yap\u0131lacak \u00e7al\u0131\u015fmalar ve projelerle ilgili de\u011ferlendirmelerde bulunulan toplant\u0131m\u0131za Bursa Kurucu \u00dcyelerimiz Ha\u015fim \u00dcnver, Erdo\u011fan K\u0131rba\u015f, O\u011fuzhan Dil, Murat Ocakc\u0131, Zeynep G\u00fcng\u00f6rd\u00fc, merkez kurucu&#8230;<\/p>","protected":false},"author":2,"featured_media":4797,"comment_status":"closed","ping_status":"open","sticky":false,"template":"","format":"standard","meta":{"footnotes":""},"categories":[5],"tags":[],"class_list":["post-4796","post","type-post","status-publish","format-standard","has-post-thumbnail","hentry","category-bizden-haberler"],"_links":{"self":[{"href":"https:\/\/www.tuyider.org\/en\/wp-json\/wp\/v2\/posts\/4796","targetHints":{"allow":["GET"]}}],"collection":[{"href":"https:\/\/www.tuyider.org\/en\/wp-json\/wp\/v2\/posts"}],"about":[{"href":"https:\/\/www.tuyider.org\/en\/wp-json\/wp\/v2\/types\/post"}],"author":[{"embeddable":true,"href":"https:\/\/www.tuyider.org\/en\/wp-json\/wp\/v2\/users\/2"}],"replies":[{"embeddable":true,"href":"https:\/\/www.tuyider.org\/en\/wp-json\/wp\/v2\/comments?post=4796"}],"version-history":[{"count":1,"href":"https:\/\/www.tuyider.org\/en\/wp-json\/wp\/v2\/posts\/4796\/revisions"}],"predecessor-version":[{"id":4798,"href":"https:\/\/www.tuyider.org\/en\/wp-json\/wp\/v2\/posts\/4796\/revisions\/4798"}],"wp:featuredmedia":[{"embeddable":true,"href":"https:\/\/www.tuyider.org\/en\/wp-json\/wp\/v2\/media\/4797"}],"wp:attachment":[{"href":"https:\/\/www.tuyider.org\/en\/wp-json\/wp\/v2\/media?parent=4796"}],"wp:term":[{"taxonomy":"category","embeddable":true,"href":"https:\/\/www.tuyider.org\/en\/wp-json\/wp\/v2\/categories?post=4796"},{"taxonomy":"post_tag","embeddable":true,"href":"https:\/\/www.tuyider.org\/en\/wp-json\/wp\/v2\/tags?post=4796"}],"curies":[{"name":"wp","href":"https:\/\/api.w.org\/{rel}","templated":true}]}}